{"id":13343,"date":"2021-07-06T16:49:13","date_gmt":"2021-07-06T14:49:13","guid":{"rendered":"https:\/\/liluak-vtt.com\/?p=13343"},"modified":"2021-07-06T17:33:00","modified_gmt":"2021-07-06T15:33:00","slug":"stages-vtt-enfants-ete2021","status":"publish","type":"post","link":"https:\/\/liluak-vtt.com\/index.php\/2021\/07\/06\/stages-vtt-enfants-ete2021\/","title":{"rendered":"Infos stages VTT pour les enfants &#8211; Et\u00e9 2021 + rentr\u00e9e scolaire chez Liluak VTT !"},"content":{"rendered":"\n<p class=\"has-text-align-center\"><strong><span class=\"has-inline-color has-black-color\">Apr\u00e8s un printemps radieux o\u00f9 nous avons accueilli plus de 40 enfants sur nos stages VTT, l\u2019heure est venue de remettre \u00e7a !<\/span><\/strong><\/p>\n\n\n\n<p><span class=\"has-inline-color has-black-color\">Comme vous le savez maintenant, \u00e0 chaque vacances scolaires nous proposons des stages VTT d\u2019une semaine pour les enfants et nous avons mis le paquet pour cet \u00e9t\u00e9. Nous avons programm\u00e9 5 semaines de stages avec des cr\u00e9neaux pour les <strong>7-11 ans et 10-14 ans<\/strong>. <strong>L\u2019occasion pour votre enfant d\u2019apprendre les bases de pilotage en VTT, de progresser et d\u2019\u00e9voluer en toute s\u00e9curit\u00e9 pendant une semaine sur notre terrain p\u00e9dagogique priv\u00e9.<\/strong><\/span><\/p>\n\n\n\n<div style=\"height:39px\" aria-hidden=\"true\" class=\"wp-block-spacer\"><\/div>\n\n\n\n<div class=\"wp-block-buttons is-layout-flex wp-block-buttons-is-layout-flex\">\n<div class=\"wp-block-button is-style-fill\"><a class=\"wp-block-button__link\" href=\"http:\/\/liluak-vtt.com\/index.php\/ecole-vtt-liluak-enfants\/\"><span class=\"has-inline-color has-vivid-green-cyan-color\">PLUS D&rsquo;INFORMATIONS SUR LES STAGES ENFANTS &#8211;  \u00c9T\u00c9 2021<\/span><\/a><\/div>\n<\/div>\n\n\n\n<div style=\"height:23px\" aria-hidden=\"true\" class=\"wp-block-spacer\"><\/div>\n\n\n\n<figure class=\"wp-block-gallery aligncenter columns-3 is-cropped wp-block-gallery-1 is-layout-flex wp-block-gallery-is-layout-flex\"><ul class=\"blocks-gallery-grid\"><li class=\"blocks-gallery-item\"><figure><img loading=\"lazy\" decoding=\"async\" width=\"576\" height=\"1024\" src=\"https:\/\/liluak-vtt.com\/wp-content\/uploads\/2021\/07\/0aca7a6d-3901-4b5d-be7b-7b5a150044a3-576x1024.jpg\" alt=\"\" data-id=\"13344\" data-link=\"https:\/\/liluak-vtt.com\/?attachment_id=13344\" class=\"wp-image-13344\" srcset=\"https:\/\/liluak-vtt.com\/wp-content\/uploads\/2021\/07\/0aca7a6d-3901-4b5d-be7b-7b5a150044a3-576x1024.jpg 576w, https:\/\/liluak-vtt.com\/wp-content\/uploads\/2021\/07\/0aca7a6d-3901-4b5d-be7b-7b5a150044a3-169x300.jpg 169w, https:\/\/liluak-vtt.com\/wp-content\/uploads\/2021\/07\/0aca7a6d-3901-4b5d-be7b-7b5a150044a3-768x1365.jpg 768w, https:\/\/liluak-vtt.com\/wp-content\/uploads\/2021\/07\/0aca7a6d-3901-4b5d-be7b-7b5a150044a3-864x1536.jpg 864w, https:\/\/liluak-vtt.com\/wp-content\/uploads\/2021\/07\/0aca7a6d-3901-4b5d-be7b-7b5a150044a3.jpg 900w\" sizes=\"auto, (max-width: 576px) 100vw, 576px\" \/><\/figure><\/li><li class=\"blocks-gallery-item\"><figure><img loading=\"lazy\" decoding=\"async\" width=\"576\" height=\"1024\" src=\"https:\/\/liluak-vtt.com\/wp-content\/uploads\/2021\/07\/15eed8e8-a3d8-404b-a841-02b04e63e5bf-576x1024.jpg\" alt=\"\" data-id=\"13348\" data-link=\"https:\/\/liluak-vtt.com\/?attachment_id=13348\" class=\"wp-image-13348\" srcset=\"https:\/\/liluak-vtt.com\/wp-content\/uploads\/2021\/07\/15eed8e8-a3d8-404b-a841-02b04e63e5bf-576x1024.jpg 576w, https:\/\/liluak-vtt.com\/wp-content\/uploads\/2021\/07\/15eed8e8-a3d8-404b-a841-02b04e63e5bf-169x300.jpg 169w, https:\/\/liluak-vtt.com\/wp-content\/uploads\/2021\/07\/15eed8e8-a3d8-404b-a841-02b04e63e5bf-768x1365.jpg 768w, https:\/\/liluak-vtt.com\/wp-content\/uploads\/2021\/07\/15eed8e8-a3d8-404b-a841-02b04e63e5bf-864x1536.jpg 864w, https:\/\/liluak-vtt.com\/wp-content\/uploads\/2021\/07\/15eed8e8-a3d8-404b-a841-02b04e63e5bf.jpg 900w\" sizes=\"auto, (max-width: 576px) 100vw, 576px\" \/><\/figure><\/li><li class=\"blocks-gallery-item\"><figure><img loading=\"lazy\" decoding=\"async\" width=\"576\" height=\"1024\" src=\"https:\/\/liluak-vtt.com\/wp-content\/uploads\/2021\/07\/21c11cb4-dfb1-4b3d-b953-12d1a6b2a6ba-576x1024.jpg\" alt=\"\" data-id=\"13349\" data-link=\"https:\/\/liluak-vtt.com\/?attachment_id=13349\" class=\"wp-image-13349\" srcset=\"https:\/\/liluak-vtt.com\/wp-content\/uploads\/2021\/07\/21c11cb4-dfb1-4b3d-b953-12d1a6b2a6ba-576x1024.jpg 576w, https:\/\/liluak-vtt.com\/wp-content\/uploads\/2021\/07\/21c11cb4-dfb1-4b3d-b953-12d1a6b2a6ba-169x300.jpg 169w, https:\/\/liluak-vtt.com\/wp-content\/uploads\/2021\/07\/21c11cb4-dfb1-4b3d-b953-12d1a6b2a6ba-768x1365.jpg 768w, https:\/\/liluak-vtt.com\/wp-content\/uploads\/2021\/07\/21c11cb4-dfb1-4b3d-b953-12d1a6b2a6ba-864x1536.jpg 864w, https:\/\/liluak-vtt.com\/wp-content\/uploads\/2021\/07\/21c11cb4-dfb1-4b3d-b953-12d1a6b2a6ba.jpg 900w\" sizes=\"auto, (max-width: 576px) 100vw, 576px\" \/><\/figure><\/li><li class=\"blocks-gallery-item\"><figure><img loading=\"lazy\" decoding=\"async\" width=\"576\" height=\"1024\" src=\"https:\/\/liluak-vtt.com\/wp-content\/uploads\/2021\/07\/0106ae37-a60d-4dd7-bbf2-b92c6440f059-576x1024.jpg\" alt=\"\" data-id=\"13351\" data-link=\"https:\/\/liluak-vtt.com\/?attachment_id=13351\" class=\"wp-image-13351\" srcset=\"https:\/\/liluak-vtt.com\/wp-content\/uploads\/2021\/07\/0106ae37-a60d-4dd7-bbf2-b92c6440f059-576x1024.jpg 576w, https:\/\/liluak-vtt.com\/wp-content\/uploads\/2021\/07\/0106ae37-a60d-4dd7-bbf2-b92c6440f059-169x300.jpg 169w, https:\/\/liluak-vtt.com\/wp-content\/uploads\/2021\/07\/0106ae37-a60d-4dd7-bbf2-b92c6440f059-768x1365.jpg 768w, https:\/\/liluak-vtt.com\/wp-content\/uploads\/2021\/07\/0106ae37-a60d-4dd7-bbf2-b92c6440f059-864x1536.jpg 864w, https:\/\/liluak-vtt.com\/wp-content\/uploads\/2021\/07\/0106ae37-a60d-4dd7-bbf2-b92c6440f059.jpg 900w\" sizes=\"auto, (max-width: 576px) 100vw, 576px\" \/><\/figure><\/li><li class=\"blocks-gallery-item\"><figure><img loading=\"lazy\" decoding=\"async\" width=\"576\" height=\"1024\" src=\"https:\/\/liluak-vtt.com\/wp-content\/uploads\/2021\/07\/679f354a-4736-4b87-8e73-f4792c86e538-576x1024.jpg\" alt=\"\" data-id=\"13352\" data-link=\"https:\/\/liluak-vtt.com\/?attachment_id=13352\" class=\"wp-image-13352\" srcset=\"https:\/\/liluak-vtt.com\/wp-content\/uploads\/2021\/07\/679f354a-4736-4b87-8e73-f4792c86e538-576x1024.jpg 576w, https:\/\/liluak-vtt.com\/wp-content\/uploads\/2021\/07\/679f354a-4736-4b87-8e73-f4792c86e538-169x300.jpg 169w, https:\/\/liluak-vtt.com\/wp-content\/uploads\/2021\/07\/679f354a-4736-4b87-8e73-f4792c86e538-768x1365.jpg 768w, https:\/\/liluak-vtt.com\/wp-content\/uploads\/2021\/07\/679f354a-4736-4b87-8e73-f4792c86e538-864x1536.jpg 864w, https:\/\/liluak-vtt.com\/wp-content\/uploads\/2021\/07\/679f354a-4736-4b87-8e73-f4792c86e538.jpg 900w\" sizes=\"auto, (max-width: 576px) 100vw, 576px\" \/><\/figure><\/li><li class=\"blocks-gallery-item\"><figure><img loading=\"lazy\" decoding=\"async\" width=\"576\" height=\"1024\" src=\"https:\/\/liluak-vtt.com\/wp-content\/uploads\/2021\/07\/8204ba3d-738d-49d1-9526-a6de378add04-576x1024.jpg\" alt=\"\" data-id=\"13355\" data-link=\"https:\/\/liluak-vtt.com\/?attachment_id=13355\" class=\"wp-image-13355\" srcset=\"https:\/\/liluak-vtt.com\/wp-content\/uploads\/2021\/07\/8204ba3d-738d-49d1-9526-a6de378add04-576x1024.jpg 576w, https:\/\/liluak-vtt.com\/wp-content\/uploads\/2021\/07\/8204ba3d-738d-49d1-9526-a6de378add04-169x300.jpg 169w, https:\/\/liluak-vtt.com\/wp-content\/uploads\/2021\/07\/8204ba3d-738d-49d1-9526-a6de378add04-768x1365.jpg 768w, https:\/\/liluak-vtt.com\/wp-content\/uploads\/2021\/07\/8204ba3d-738d-49d1-9526-a6de378add04-864x1536.jpg 864w, https:\/\/liluak-vtt.com\/wp-content\/uploads\/2021\/07\/8204ba3d-738d-49d1-9526-a6de378add04.jpg 900w\" sizes=\"auto, (max-width: 576px) 100vw, 576px\" \/><\/figure><\/li><\/ul><\/figure>\n\n\n\n<p class=\"has-text-align-center\"><strong><span class=\"has-inline-color has-luminous-vivid-orange-color\">Et les parents<\/span><\/strong><span class=\"has-inline-color has-black-color\">&#8230;.ne sont pas en reste car toutes nos randonn\u00e9es guid\u00e9es sont \u00e9galement disponibles !<\/span><\/p>\n\n\n\n<p><span class=\"has-inline-color has-black-color\">Nous serons ravis de vous accompagner pour une balade en VTT \u00e9lectrique sur nos belles montagnes. \u00c0 vous de choisir celle qui vous convient, il y en aura pour tous les go\u00fbts et tous les niveaux.<\/span><\/p>\n\n\n\n<p><span class=\"has-inline-color has-black-color\">Pour cette nouvelle saison, nous avons le grand plaisir de vous accueillir dans notre nouvel espace d\u2019accueil au 290 chemin de Inzola \u00e0 Urrugne. Il vous permettra d\u2019obtenir tous les renseignements n\u00e9cessaires sur nos randonn\u00e9es guid\u00e9es en VTT \u00e9lectrique ainsi que nos stages de VTT.<\/span><\/p>\n\n\n\n<div style=\"height:34px\" aria-hidden=\"true\" class=\"wp-block-spacer\"><\/div>\n\n\n\n<div class=\"wp-block-buttons is-layout-flex wp-block-buttons-is-layout-flex\">\n<div class=\"wp-block-button\"><a class=\"wp-block-button__link\" href=\"https:\/\/liluak-vtt.com\/index.php\/rando-vttae-paysbasque\/\"><span class=\"has-inline-color has-luminous-vivid-orange-color\">PLUS D&rsquo;INFORMATIONS SUR LES<\/span> <span class=\"has-inline-color has-luminous-vivid-orange-color\">RANDONN\u00c9ES GUID\u00c9ES EN VTT \u00c9LECTRIQUE<\/span><\/a><\/div>\n<\/div>\n\n\n\n<div style=\"height:30px\" aria-hidden=\"true\" class=\"wp-block-spacer\"><\/div>\n\n\n\n<figure class=\"wp-block-image size-large\"><img loading=\"lazy\" decoding=\"async\" width=\"900\" height=\"900\" src=\"https:\/\/liluak-vtt.com\/wp-content\/uploads\/2021\/07\/LILUAKVTT-1.jpg\" alt=\"\" class=\"wp-image-13363\" srcset=\"https:\/\/liluak-vtt.com\/wp-content\/uploads\/2021\/07\/LILUAKVTT-1.jpg 900w, https:\/\/liluak-vtt.com\/wp-content\/uploads\/2021\/07\/LILUAKVTT-1-300x300.jpg 300w, https:\/\/liluak-vtt.com\/wp-content\/uploads\/2021\/07\/LILUAKVTT-1-768x768.jpg 768w, https:\/\/liluak-vtt.com\/wp-content\/uploads\/2021\/07\/LILUAKVTT-1-85x85.jpg 85w, https:\/\/liluak-vtt.com\/wp-content\/uploads\/2021\/07\/LILUAKVTT-1-250x250.jpg 250w, https:\/\/liluak-vtt.com\/wp-content\/uploads\/2021\/07\/LILUAKVTT-1-360x360.jpg 360w\" sizes=\"auto, (max-width: 900px) 100vw, 900px\" \/><\/figure>\n\n\n\n<p><span class=\"has-inline-color has-black-color\"><strong>Et avant d\u2019aller profiter de l\u2019\u00e9t\u00e9, sachez que les trimestres VTT reprendront le 15 septembre 2021 pour les cours du mercredi et le 18 septembre pour les cours du samedi.&nbsp;<\/strong><\/span><\/p>\n\n\n\n<p>Allez jeter un oeil sur notre site, nous avons pr\u00e9vu 3 cr\u00e9neaux pour la rentr\u00e9e \ud83d\ude42<\/p>\n\n\n\n<div class=\"wp-block-buttons is-layout-flex wp-block-buttons-is-layout-flex\">\n<div class=\"wp-block-button\"><a class=\"wp-block-button__link\" href=\"https:\/\/marketplace.awoo.fr\/971\"><span class=\"has-inline-color has-vivid-green-cyan-color\">PLUS D&rsquo;INFORMATIONS SUR LES FORMULES TRIMESTRIELLES<\/span><\/a><\/div>\n<\/div>\n\n\n\n<div style=\"height:25px\" aria-hidden=\"true\" class=\"wp-block-spacer\"><\/div>\n\n\n\n<p><strong><span class=\"has-inline-color has-vivid-green-cyan-color\">Bel \u00e9t\u00e9 \u00e0 toutes et tous et \u00e0 tr\u00e8s vite sur les chemins !<\/span><\/strong><\/p>\n\n\n\n<figure class=\"wp-block-image size-large\"><img loading=\"lazy\" decoding=\"async\" width=\"400\" height=\"180\" src=\"https:\/\/liluak-vtt.com\/wp-content\/uploads\/2021\/04\/cropped-logo-ecoleVTT-mcf-paysbasque-larhune_ph2-3.png\" alt=\"\" class=\"wp-image-13298\"\/><\/figure>\n","protected":false},"excerpt":{"rendered":"<p>Nous avons programm\u00e9 5 semaines de stages avec des cr\u00e9neaux pour les 7-11 ans et 10-14 ans. L\u2019occasion pour votre enfant d\u2019apprendre les bases de pilotage en VTT, de progresser et d\u2019\u00e9voluer en toute s\u00e9curit\u00e9 pendant une semaine sur notre terrain p\u00e9dagogique priv\u00e9.<\/p>\n","protected":false},"author":1,"featured_media":13359,"comment_status":"closed","ping_status":"closed","sticky":false,"template":"","format":"standard","meta":{"footnotes":""},"categories":[235],"tags":[243,241,249,236],"class_list":["post-13343","post","type-post","status-publish","format-standard","has-post-thumbnail","hentry","category-ecole-vtt-liluak-mcf-pays-basque-la-rhune","tag-ecole-vtt","tag-pays-basque","tag-urrugne","tag-vtt"],"yoast_head":"<!-- This site is optimized with the Yoast SEO plugin v27.5 - https:\/\/yoast.com\/product\/yoast-seo-wordpress\/ -->\n<title>Infos stages VTT pour les enfants - Et\u00e9 2021 + rentr\u00e9e scolaire chez Liluak VTT ! - LILUAK VTT<\/title>\n<meta name=\"description\" content=\"Cet \u00e9t\u00e9 5 semaines de stages VTT au Pays Basque pour les enfants de 7-11 ans et 10-14 ans. L\u2019occasion pour votre enfant d\u2019apprendre les bases de pilotage en VTT, de progresser et d\u2019\u00e9voluer en toute s\u00e9curit\u00e9 pendant une semaine sur notre terrain p\u00e9dagogique priv\u00e9.\" \/>\n<meta name=\"robots\" content=\"index, follow, max-snippet:-1, max-image-preview:large, max-video-preview:-1\" \/>\n<link rel=\"canonical\" href=\"https:\/\/liluak-vtt.com\/index.php\/2021\/07\/06\/stages-vtt-enfants-ete2021\/\" \/>\n<meta property=\"og:locale\" content=\"fr_FR\" \/>\n<meta property=\"og:type\" content=\"article\" \/>\n<meta property=\"og:title\" content=\"Infos stages VTT pour les enfants - Et\u00e9 2021 + rentr\u00e9e scolaire chez Liluak VTT ! - LILUAK VTT\" \/>\n<meta property=\"og:description\" content=\"Cet \u00e9t\u00e9 5 semaines de stages VTT au Pays Basque pour les enfants de 7-11 ans et 10-14 ans. L\u2019occasion pour votre enfant d\u2019apprendre les bases de pilotage en VTT, de progresser et d\u2019\u00e9voluer en toute s\u00e9curit\u00e9 pendant une semaine sur notre terrain p\u00e9dagogique priv\u00e9.\" \/>\n<meta property=\"og:url\" content=\"https:\/\/liluak-vtt.com\/index.php\/2021\/07\/06\/stages-vtt-enfants-ete2021\/\" \/>\n<meta property=\"og:site_name\" content=\"LILUAK VTT\" \/>\n<meta property=\"article:publisher\" content=\"https:\/\/www.facebook.com\/liluakvtt\" \/>\n<meta property=\"article:published_time\" content=\"2021-07-06T14:49:13+00:00\" \/>\n<meta property=\"article:modified_time\" content=\"2021-07-06T15:33:00+00:00\" \/>\n<meta property=\"og:image\" content=\"https:\/\/liluak-vtt.com\/wp-content\/uploads\/2021\/07\/bf277280-b68a-4e72-aa19-e4dfd66555a3-1.jpg\" \/>\n\t<meta property=\"og:image:width\" content=\"1440\" \/>\n\t<meta property=\"og:image:height\" content=\"1440\" \/>\n\t<meta property=\"og:image:type\" content=\"image\/jpeg\" \/>\n<meta name=\"author\" content=\"admin4238\" \/>\n<meta name=\"twitter:card\" content=\"summary_large_image\" \/>\n<meta name=\"twitter:label1\" content=\"\u00c9crit par\" \/>\n\t<meta name=\"twitter:data1\" content=\"admin4238\" \/>\n\t<meta name=\"twitter:label2\" content=\"Dur\u00e9e de lecture estim\u00e9e\" \/>\n\t<meta name=\"twitter:data2\" content=\"3 minutes\" \/>\n<script type=\"application\/ld+json\" class=\"yoast-schema-graph\">{\"@context\":\"https:\\\/\\\/schema.org\",\"@graph\":[{\"@type\":\"Article\",\"@id\":\"https:\\\/\\\/liluak-vtt.com\\\/index.php\\\/2021\\\/07\\\/06\\\/stages-vtt-enfants-ete2021\\\/#article\",\"isPartOf\":{\"@id\":\"https:\\\/\\\/liluak-vtt.com\\\/index.php\\\/2021\\\/07\\\/06\\\/stages-vtt-enfants-ete2021\\\/\"},\"author\":{\"name\":\"admin4238\",\"@id\":\"https:\\\/\\\/liluak-vtt.com\\\/#\\\/schema\\\/person\\\/761aa512e9e7994cbaff95d57dd6abd8\"},\"headline\":\"Infos stages VTT pour les enfants &#8211; Et\u00e9 2021 + rentr\u00e9e scolaire chez Liluak VTT !\",\"datePublished\":\"2021-07-06T14:49:13+00:00\",\"dateModified\":\"2021-07-06T15:33:00+00:00\",\"mainEntityOfPage\":{\"@id\":\"https:\\\/\\\/liluak-vtt.com\\\/index.php\\\/2021\\\/07\\\/06\\\/stages-vtt-enfants-ete2021\\\/\"},\"wordCount\":299,\"publisher\":{\"@id\":\"https:\\\/\\\/liluak-vtt.com\\\/#organization\"},\"image\":{\"@id\":\"https:\\\/\\\/liluak-vtt.com\\\/index.php\\\/2021\\\/07\\\/06\\\/stages-vtt-enfants-ete2021\\\/#primaryimage\"},\"thumbnailUrl\":\"https:\\\/\\\/liluak-vtt.com\\\/wp-content\\\/uploads\\\/2021\\\/07\\\/bf277280-b68a-4e72-aa19-e4dfd66555a3-1.jpg\",\"keywords\":[\"ECOLE VTT\",\"PAYS BASQUE\",\"urrugne\",\"VTT\"],\"articleSection\":[\"Ecole VTT LILUAK - MCF PAYS BASQUE LA RHUNE\"],\"inLanguage\":\"fr-FR\"},{\"@type\":\"WebPage\",\"@id\":\"https:\\\/\\\/liluak-vtt.com\\\/index.php\\\/2021\\\/07\\\/06\\\/stages-vtt-enfants-ete2021\\\/\",\"url\":\"https:\\\/\\\/liluak-vtt.com\\\/index.php\\\/2021\\\/07\\\/06\\\/stages-vtt-enfants-ete2021\\\/\",\"name\":\"Infos stages VTT pour les enfants - Et\u00e9 2021 + rentr\u00e9e scolaire chez Liluak VTT ! - LILUAK VTT\",\"isPartOf\":{\"@id\":\"https:\\\/\\\/liluak-vtt.com\\\/#website\"},\"primaryImageOfPage\":{\"@id\":\"https:\\\/\\\/liluak-vtt.com\\\/index.php\\\/2021\\\/07\\\/06\\\/stages-vtt-enfants-ete2021\\\/#primaryimage\"},\"image\":{\"@id\":\"https:\\\/\\\/liluak-vtt.com\\\/index.php\\\/2021\\\/07\\\/06\\\/stages-vtt-enfants-ete2021\\\/#primaryimage\"},\"thumbnailUrl\":\"https:\\\/\\\/liluak-vtt.com\\\/wp-content\\\/uploads\\\/2021\\\/07\\\/bf277280-b68a-4e72-aa19-e4dfd66555a3-1.jpg\",\"datePublished\":\"2021-07-06T14:49:13+00:00\",\"dateModified\":\"2021-07-06T15:33:00+00:00\",\"description\":\"Cet \u00e9t\u00e9 5 semaines de stages VTT au Pays Basque pour les enfants de 7-11 ans et 10-14 ans. L\u2019occasion pour votre enfant d\u2019apprendre les bases de pilotage en VTT, de progresser et d\u2019\u00e9voluer en toute s\u00e9curit\u00e9 pendant une semaine sur notre terrain p\u00e9dagogique priv\u00e9.\",\"breadcrumb\":{\"@id\":\"https:\\\/\\\/liluak-vtt.com\\\/index.php\\\/2021\\\/07\\\/06\\\/stages-vtt-enfants-ete2021\\\/#breadcrumb\"},\"inLanguage\":\"fr-FR\",\"potentialAction\":[{\"@type\":\"ReadAction\",\"target\":[\"https:\\\/\\\/liluak-vtt.com\\\/index.php\\\/2021\\\/07\\\/06\\\/stages-vtt-enfants-ete2021\\\/\"]}]},{\"@type\":\"ImageObject\",\"inLanguage\":\"fr-FR\",\"@id\":\"https:\\\/\\\/liluak-vtt.com\\\/index.php\\\/2021\\\/07\\\/06\\\/stages-vtt-enfants-ete2021\\\/#primaryimage\",\"url\":\"https:\\\/\\\/liluak-vtt.com\\\/wp-content\\\/uploads\\\/2021\\\/07\\\/bf277280-b68a-4e72-aa19-e4dfd66555a3-1.jpg\",\"contentUrl\":\"https:\\\/\\\/liluak-vtt.com\\\/wp-content\\\/uploads\\\/2021\\\/07\\\/bf277280-b68a-4e72-aa19-e4dfd66555a3-1.jpg\",\"width\":1440,\"height\":1440,\"caption\":\"\u00e9cole de VTT LILUAK au Pays Basque\"},{\"@type\":\"BreadcrumbList\",\"@id\":\"https:\\\/\\\/liluak-vtt.com\\\/index.php\\\/2021\\\/07\\\/06\\\/stages-vtt-enfants-ete2021\\\/#breadcrumb\",\"itemListElement\":[{\"@type\":\"ListItem\",\"position\":1,\"name\":\"Accueil\",\"item\":\"https:\\\/\\\/liluak-vtt.com\\\/\"},{\"@type\":\"ListItem\",\"position\":2,\"name\":\"Stage de vtt pour les enfants au Pays Basque cet \u00e9t\u00e9 2021\"}]},{\"@type\":\"WebSite\",\"@id\":\"https:\\\/\\\/liluak-vtt.com\\\/#website\",\"url\":\"https:\\\/\\\/liluak-vtt.com\\\/\",\"name\":\"LILUAK VTT\",\"description\":\"Partez \u00e0 la d\u00e9couverte des sentiers du Pays Basque\",\"publisher\":{\"@id\":\"https:\\\/\\\/liluak-vtt.com\\\/#organization\"},\"potentialAction\":[{\"@type\":\"SearchAction\",\"target\":{\"@type\":\"EntryPoint\",\"urlTemplate\":\"https:\\\/\\\/liluak-vtt.com\\\/?s={search_term_string}\"},\"query-input\":{\"@type\":\"PropertyValueSpecification\",\"valueRequired\":true,\"valueName\":\"search_term_string\"}}],\"inLanguage\":\"fr-FR\"},{\"@type\":\"Organization\",\"@id\":\"https:\\\/\\\/liluak-vtt.com\\\/#organization\",\"name\":\"LILUAK VTT\",\"url\":\"https:\\\/\\\/liluak-vtt.com\\\/\",\"logo\":{\"@type\":\"ImageObject\",\"inLanguage\":\"fr-FR\",\"@id\":\"https:\\\/\\\/liluak-vtt.com\\\/#\\\/schema\\\/logo\\\/image\\\/\",\"url\":\"https:\\\/\\\/liluak-vtt.com\\\/wp-content\\\/uploads\\\/2021\\\/04\\\/logo-liluakvtt-urrugne.jpg\",\"contentUrl\":\"https:\\\/\\\/liluak-vtt.com\\\/wp-content\\\/uploads\\\/2021\\\/04\\\/logo-liluakvtt-urrugne.jpg\",\"width\":900,\"height\":900,\"caption\":\"LILUAK VTT\"},\"image\":{\"@id\":\"https:\\\/\\\/liluak-vtt.com\\\/#\\\/schema\\\/logo\\\/image\\\/\"},\"sameAs\":[\"https:\\\/\\\/www.facebook.com\\\/liluakvtt\",\"https:\\\/\\\/www.instagram.com\\\/liluak_vtt_paysbasque\\\/\",\"https:\\\/\\\/www.youtube.com\\\/channel\\\/UCTTTL8MCyvKaRz2rGhruOxA\"]},{\"@type\":\"Person\",\"@id\":\"https:\\\/\\\/liluak-vtt.com\\\/#\\\/schema\\\/person\\\/761aa512e9e7994cbaff95d57dd6abd8\",\"name\":\"admin4238\",\"sameAs\":[\"http:\\\/\\\/liluak-vtt.com\"]}]}<\/script>\n<!-- \/ Yoast SEO plugin. -->","yoast_head_json":{"title":"Infos stages VTT pour les enfants - Et\u00e9 2021 + rentr\u00e9e scolaire chez Liluak VTT ! - LILUAK VTT","description":"Cet \u00e9t\u00e9 5 semaines de stages VTT au Pays Basque pour les enfants de 7-11 ans et 10-14 ans. L\u2019occasion pour votre enfant d\u2019apprendre les bases de pilotage en VTT, de progresser et d\u2019\u00e9voluer en toute s\u00e9curit\u00e9 pendant une semaine sur notre terrain p\u00e9dagogique priv\u00e9.","robots":{"index":"index","follow":"follow","max-snippet":"max-snippet:-1","max-image-preview":"max-image-preview:large","max-video-preview":"max-video-preview:-1"},"canonical":"https:\/\/liluak-vtt.com\/index.php\/2021\/07\/06\/stages-vtt-enfants-ete2021\/","og_locale":"fr_FR","og_type":"article","og_title":"Infos stages VTT pour les enfants - Et\u00e9 2021 + rentr\u00e9e scolaire chez Liluak VTT ! - LILUAK VTT","og_description":"Cet \u00e9t\u00e9 5 semaines de stages VTT au Pays Basque pour les enfants de 7-11 ans et 10-14 ans. L\u2019occasion pour votre enfant d\u2019apprendre les bases de pilotage en VTT, de progresser et d\u2019\u00e9voluer en toute s\u00e9curit\u00e9 pendant une semaine sur notre terrain p\u00e9dagogique priv\u00e9.","og_url":"https:\/\/liluak-vtt.com\/index.php\/2021\/07\/06\/stages-vtt-enfants-ete2021\/","og_site_name":"LILUAK VTT","article_publisher":"https:\/\/www.facebook.com\/liluakvtt","article_published_time":"2021-07-06T14:49:13+00:00","article_modified_time":"2021-07-06T15:33:00+00:00","og_image":[{"width":1440,"height":1440,"url":"https:\/\/liluak-vtt.com\/wp-content\/uploads\/2021\/07\/bf277280-b68a-4e72-aa19-e4dfd66555a3-1.jpg","type":"image\/jpeg"}],"author":"admin4238","twitter_card":"summary_large_image","twitter_misc":{"\u00c9crit par":"admin4238","Dur\u00e9e de lecture estim\u00e9e":"3 minutes"},"schema":{"@context":"https:\/\/schema.org","@graph":[{"@type":"Article","@id":"https:\/\/liluak-vtt.com\/index.php\/2021\/07\/06\/stages-vtt-enfants-ete2021\/#article","isPartOf":{"@id":"https:\/\/liluak-vtt.com\/index.php\/2021\/07\/06\/stages-vtt-enfants-ete2021\/"},"author":{"name":"admin4238","@id":"https:\/\/liluak-vtt.com\/#\/schema\/person\/761aa512e9e7994cbaff95d57dd6abd8"},"headline":"Infos stages VTT pour les enfants &#8211; Et\u00e9 2021 + rentr\u00e9e scolaire chez Liluak VTT !","datePublished":"2021-07-06T14:49:13+00:00","dateModified":"2021-07-06T15:33:00+00:00","mainEntityOfPage":{"@id":"https:\/\/liluak-vtt.com\/index.php\/2021\/07\/06\/stages-vtt-enfants-ete2021\/"},"wordCount":299,"publisher":{"@id":"https:\/\/liluak-vtt.com\/#organization"},"image":{"@id":"https:\/\/liluak-vtt.com\/index.php\/2021\/07\/06\/stages-vtt-enfants-ete2021\/#primaryimage"},"thumbnailUrl":"https:\/\/liluak-vtt.com\/wp-content\/uploads\/2021\/07\/bf277280-b68a-4e72-aa19-e4dfd66555a3-1.jpg","keywords":["ECOLE VTT","PAYS BASQUE","urrugne","VTT"],"articleSection":["Ecole VTT LILUAK - MCF PAYS BASQUE LA RHUNE"],"inLanguage":"fr-FR"},{"@type":"WebPage","@id":"https:\/\/liluak-vtt.com\/index.php\/2021\/07\/06\/stages-vtt-enfants-ete2021\/","url":"https:\/\/liluak-vtt.com\/index.php\/2021\/07\/06\/stages-vtt-enfants-ete2021\/","name":"Infos stages VTT pour les enfants - Et\u00e9 2021 + rentr\u00e9e scolaire chez Liluak VTT ! - LILUAK VTT","isPartOf":{"@id":"https:\/\/liluak-vtt.com\/#website"},"primaryImageOfPage":{"@id":"https:\/\/liluak-vtt.com\/index.php\/2021\/07\/06\/stages-vtt-enfants-ete2021\/#primaryimage"},"image":{"@id":"https:\/\/liluak-vtt.com\/index.php\/2021\/07\/06\/stages-vtt-enfants-ete2021\/#primaryimage"},"thumbnailUrl":"https:\/\/liluak-vtt.com\/wp-content\/uploads\/2021\/07\/bf277280-b68a-4e72-aa19-e4dfd66555a3-1.jpg","datePublished":"2021-07-06T14:49:13+00:00","dateModified":"2021-07-06T15:33:00+00:00","description":"Cet \u00e9t\u00e9 5 semaines de stages VTT au Pays Basque pour les enfants de 7-11 ans et 10-14 ans. L\u2019occasion pour votre enfant d\u2019apprendre les bases de pilotage en VTT, de progresser et d\u2019\u00e9voluer en toute s\u00e9curit\u00e9 pendant une semaine sur notre terrain p\u00e9dagogique priv\u00e9.","breadcrumb":{"@id":"https:\/\/liluak-vtt.com\/index.php\/2021\/07\/06\/stages-vtt-enfants-ete2021\/#breadcrumb"},"inLanguage":"fr-FR","potentialAction":[{"@type":"ReadAction","target":["https:\/\/liluak-vtt.com\/index.php\/2021\/07\/06\/stages-vtt-enfants-ete2021\/"]}]},{"@type":"ImageObject","inLanguage":"fr-FR","@id":"https:\/\/liluak-vtt.com\/index.php\/2021\/07\/06\/stages-vtt-enfants-ete2021\/#primaryimage","url":"https:\/\/liluak-vtt.com\/wp-content\/uploads\/2021\/07\/bf277280-b68a-4e72-aa19-e4dfd66555a3-1.jpg","contentUrl":"https:\/\/liluak-vtt.com\/wp-content\/uploads\/2021\/07\/bf277280-b68a-4e72-aa19-e4dfd66555a3-1.jpg","width":1440,"height":1440,"caption":"\u00e9cole de VTT LILUAK au Pays Basque"},{"@type":"BreadcrumbList","@id":"https:\/\/liluak-vtt.com\/index.php\/2021\/07\/06\/stages-vtt-enfants-ete2021\/#breadcrumb","itemListElement":[{"@type":"ListItem","position":1,"name":"Accueil","item":"https:\/\/liluak-vtt.com\/"},{"@type":"ListItem","position":2,"name":"Stage de vtt pour les enfants au Pays Basque cet \u00e9t\u00e9 2021"}]},{"@type":"WebSite","@id":"https:\/\/liluak-vtt.com\/#website","url":"https:\/\/liluak-vtt.com\/","name":"LILUAK VTT","description":"Partez \u00e0 la d\u00e9couverte des sentiers du Pays Basque","publisher":{"@id":"https:\/\/liluak-vtt.com\/#organization"},"potentialAction":[{"@type":"SearchAction","target":{"@type":"EntryPoint","urlTemplate":"https:\/\/liluak-vtt.com\/?s={search_term_string}"},"query-input":{"@type":"PropertyValueSpecification","valueRequired":true,"valueName":"search_term_string"}}],"inLanguage":"fr-FR"},{"@type":"Organization","@id":"https:\/\/liluak-vtt.com\/#organization","name":"LILUAK VTT","url":"https:\/\/liluak-vtt.com\/","logo":{"@type":"ImageObject","inLanguage":"fr-FR","@id":"https:\/\/liluak-vtt.com\/#\/schema\/logo\/image\/","url":"https:\/\/liluak-vtt.com\/wp-content\/uploads\/2021\/04\/logo-liluakvtt-urrugne.jpg","contentUrl":"https:\/\/liluak-vtt.com\/wp-content\/uploads\/2021\/04\/logo-liluakvtt-urrugne.jpg","width":900,"height":900,"caption":"LILUAK VTT"},"image":{"@id":"https:\/\/liluak-vtt.com\/#\/schema\/logo\/image\/"},"sameAs":["https:\/\/www.facebook.com\/liluakvtt","https:\/\/www.instagram.com\/liluak_vtt_paysbasque\/","https:\/\/www.youtube.com\/channel\/UCTTTL8MCyvKaRz2rGhruOxA"]},{"@type":"Person","@id":"https:\/\/liluak-vtt.com\/#\/schema\/person\/761aa512e9e7994cbaff95d57dd6abd8","name":"admin4238","sameAs":["http:\/\/liluak-vtt.com"]}]}},"_links":{"self":[{"href":"https:\/\/liluak-vtt.com\/index.php\/wp-json\/wp\/v2\/posts\/13343","targetHints":{"allow":["GET"]}}],"collection":[{"href":"https:\/\/liluak-vtt.com\/index.php\/wp-json\/wp\/v2\/posts"}],"about":[{"href":"https:\/\/liluak-vtt.com\/index.php\/wp-json\/wp\/v2\/types\/post"}],"author":[{"embeddable":true,"href":"https:\/\/liluak-vtt.com\/index.php\/wp-json\/wp\/v2\/users\/1"}],"replies":[{"embeddable":true,"href":"https:\/\/liluak-vtt.com\/index.php\/wp-json\/wp\/v2\/comments?post=13343"}],"version-history":[{"count":27,"href":"https:\/\/liluak-vtt.com\/index.php\/wp-json\/wp\/v2\/posts\/13343\/revisions"}],"predecessor-version":[{"id":13396,"href":"https:\/\/liluak-vtt.com\/index.php\/wp-json\/wp\/v2\/posts\/13343\/revisions\/13396"}],"wp:featuredmedia":[{"embeddable":true,"href":"https:\/\/liluak-vtt.com\/index.php\/wp-json\/wp\/v2\/media\/13359"}],"wp:attachment":[{"href":"https:\/\/liluak-vtt.com\/index.php\/wp-json\/wp\/v2\/media?parent=13343"}],"wp:term":[{"taxonomy":"category","embeddable":true,"href":"https:\/\/liluak-vtt.com\/index.php\/wp-json\/wp\/v2\/categories?post=13343"},{"taxonomy":"post_tag","embeddable":true,"href":"https:\/\/liluak-vtt.com\/index.php\/wp-json\/wp\/v2\/tags?post=13343"}],"curies":[{"name":"wp","href":"https:\/\/api.w.org\/{rel}","templated":true}]}}